{"id":1428,"date":"2017-03-13T21:25:22","date_gmt":"2017-03-13T20:25:22","guid":{"rendered":"https:\/\/www.vergerdelamauliere.com\/bientot-printemps-verger-de-mauliere\/"},"modified":"2017-03-13T21:25:22","modified_gmt":"2017-03-13T20:25:22","slug":"bientot-printemps-verger-de-mauliere","status":"publish","type":"post","link":"https:\/\/www.vergerdelamauliere.com\/de\/bientot-printemps-verger-de-mauliere\/","title":{"rendered":"Bient\u00f4t le Printemps au Verger de la Mauliere"},"content":{"rendered":"<p class=\"p1\">Quelques fleurs pour annoncer l&#8217;arriv\u00e9e du Printemps au gite !\u00a0 L&#8217;occasion de profiter d&#8217;un petit s\u00e9jour nature au c\u0153ur du parc naturel r\u00e9gional&#8230;<\/p>\n<p class=\"p1\">\n","protected":false},"excerpt":{"rendered":"<p>Quelques fleurs pour annoncer l&#8217;arriv\u00e9e du Printemps au gite !\u00a0 L&#8217;occasion de profiter d&#8217;un petit s\u00e9jour nature au c\u0153ur du parc naturel r\u00e9gional&#8230;<\/p>\n","protected":false},"author":3,"featured_media":0,"comment_status":"open","ping_status":"open","sticky":false,"template":"","format":"standard","meta":{"footnotes":""},"categories":[4],"tags":[],"class_list":["post-1428","post","type-post","status-publish","format-standard","hentry","category-unkategorisiert"],"_links":{"self":[{"href":"https:\/\/www.vergerdelamauliere.com\/de\/wp-json\/wp\/v2\/posts\/1428","targetHints":{"allow":["GET"]}}],"collection":[{"href":"https:\/\/www.vergerdelamauliere.com\/de\/wp-json\/wp\/v2\/posts"}],"about":[{"href":"https:\/\/www.vergerdelamauliere.com\/de\/wp-json\/wp\/v2\/types\/post"}],"author":[{"embeddable":true,"href":"https:\/\/www.vergerdelamauliere.com\/de\/wp-json\/wp\/v2\/users\/3"}],"replies":[{"embeddable":true,"href":"https:\/\/www.vergerdelamauliere.com\/de\/wp-json\/wp\/v2\/comments?post=1428"}],"version-history":[{"count":0,"href":"https:\/\/www.vergerdelamauliere.com\/de\/wp-json\/wp\/v2\/posts\/1428\/revisions"}],"wp:attachment":[{"href":"https:\/\/www.vergerdelamauliere.com\/de\/wp-json\/wp\/v2\/media?parent=1428"}],"wp:term":[{"taxonomy":"category","embeddable":true,"href":"https:\/\/www.vergerdelamauliere.com\/de\/wp-json\/wp\/v2\/categories?post=1428"},{"taxonomy":"post_tag","embeddable":true,"href":"https:\/\/www.vergerdelamauliere.com\/de\/wp-json\/wp\/v2\/tags?post=1428"}],"curies":[{"name":"wp","href":"https:\/\/api.w.org\/{rel}","templated":true}]}}